{"id":195,"date":"2009-11-04T12:00:32","date_gmt":"2009-11-04T11:00:32","guid":{"rendered":"http:\/\/cccolloto.wordpress.com\/?p=195"},"modified":"2025-04-29T12:13:10","modified_gmt":"2025-04-29T10:13:10","slug":"ciclocross-en-piedras-blancas","status":"publish","type":"post","link":"https:\/\/cccolloto.com\/index.php\/2009\/11\/04\/ciclocross-en-piedras-blancas\/","title":{"rendered":"Ciclocross en Piedras Blancas"},"content":{"rendered":"<p>El pasado lunes 2 de Noviembre se disput\u00f3 la 3\u00aa prueba de ciclocross del calendario asturiano, con participaci\u00f3n de varios corredores del Club Ciclista Colloto.<\/p>\n<p>Despues de que Javi Gra\u00f1a (5\u00ba) y\u00a0 Marcos Fern\u00e1ndez (8\u00ba) fueran los primeros en pisar la hierba en la carrera de escuelas fue el turno para Ill\u00e1n que se estrenaba en la modalidad y en la categor\u00eda juvenil con un octavo puesto que seguro que podr\u00e1 mejorar con m\u00e1s experiencia en las pr\u00f3ximas carreras.<\/p>\n<figure id=\"attachment_196\" aria-describedby=\"caption-attachment-196\" style=\"width: 500px\" class=\"wp-caption alignnone\"><a rel=\"attachment wp-att-196\" href=\"http:\/\/cccolloto.wordpress.com\/2009\/11\/04\/ciclocross-en-piedras-blancas\/dsc_8844\/\"><img loading=\"lazy\" decoding=\"async\" class=\"size-full wp-image-196\" title=\"Ill\u00e1n en el ciclocross de Piedras Blancas\" src=\"http:\/\/cccolloto.com\/wp-content\/uploads\/2009\/11\/dsc_8844.jpg\" alt=\"Ill\u00e1n en el ciclocross de Piedras Blancas\" width=\"500\" height=\"332\" srcset=\"https:\/\/cccolloto.com\/wp-content\/uploads\/2009\/11\/dsc_8844.jpg 1024w, https:\/\/cccolloto.com\/wp-content\/uploads\/2009\/11\/dsc_8844-300x200.jpg 300w, https:\/\/cccolloto.com\/wp-content\/uploads\/2009\/11\/dsc_8844-768x511.jpg 768w\" sizes=\"auto, (max-width: 500px) 100vw, 500px\" \/><\/a><figcaption id=\"caption-attachment-196\" class=\"wp-caption-text\">Ill\u00e1n subiendo el terrapl\u00e9n<\/figcaption><\/figure>\n<p>En la carrera reina se quedaron 3 en la salida al no tomar parte Gonzalo, convaleciente de una caida en el ciclocross de Colindres.<\/p>\n<p><!--more--><\/p>\n<p>Jorge Llano finaliz\u00f3 en el puesto 26 desp\u00faes de haber participado los 2\u00a0 d\u00edas previos en las carreras de Colindres y Muskiz.<\/p>\n<p>Aitor Gra\u00f1a (21\u00ba) estuvo a punto de entrar en el Top20 y fue 6\u00ba Sub23.<\/p>\n<p>Daniel Ania consigui\u00f3 entrar en el Top10 de la prueba demostrando que va afinando su puesta a punto y va a m\u00e1s.<\/p>\n<figure id=\"attachment_197\" aria-describedby=\"caption-attachment-197\" style=\"width: 384px\" class=\"wp-caption alignnone\"><a rel=\"attachment wp-att-197\" href=\"http:\/\/cccolloto.wordpress.com\/2009\/11\/04\/ciclocross-en-piedras-blancas\/aitor-2\/\"><img loading=\"lazy\" decoding=\"async\" class=\"size-full wp-image-197\" title=\"aitor gra\u00f1a\" src=\"http:\/\/cccolloto.com\/wp-content\/uploads\/2009\/11\/aitor1.jpg\" alt=\"aitor gra\u00f1a\" width=\"384\" height=\"512\" srcset=\"https:\/\/cccolloto.com\/wp-content\/uploads\/2009\/11\/aitor1.jpg 384w, https:\/\/cccolloto.com\/wp-content\/uploads\/2009\/11\/aitor1-225x300.jpg 225w\" sizes=\"auto, (max-width: 384px) 100vw, 384px\" \/><\/a><figcaption id=\"caption-attachment-197\" class=\"wp-caption-text\">Aitor en lucha<\/figcaption><\/figure>\n<figure id=\"attachment_198\" aria-describedby=\"caption-attachment-198\" style=\"width: 500px\" class=\"wp-caption alignnone\"><a href=\"http:\/\/cccolloto.com\/wp-content\/uploads\/2009\/11\/ania3.jpg\"><img loading=\"lazy\" decoding=\"async\" class=\"size-full wp-image-198\" title=\"ania\" src=\"http:\/\/cccolloto.com\/wp-content\/uploads\/2009\/11\/ania3.jpg\" alt=\"ania\" width=\"500\" height=\"331\" srcset=\"https:\/\/cccolloto.com\/wp-content\/uploads\/2009\/11\/ania3.jpg 800w, https:\/\/cccolloto.com\/wp-content\/uploads\/2009\/11\/ania3-300x199.jpg 300w, https:\/\/cccolloto.com\/wp-content\/uploads\/2009\/11\/ania3-768x510.jpg 768w\" sizes=\"auto, (max-width: 500px) 100vw, 500px\" \/><\/a><figcaption id=\"caption-attachment-198\" class=\"wp-caption-text\">Dani Ania<\/figcaption><\/figure>\n<figure id=\"attachment_199\" aria-describedby=\"caption-attachment-199\" style=\"width: 500px\" class=\"wp-caption alignnone\"><a href=\"http:\/\/cccolloto.com\/wp-content\/uploads\/2009\/11\/dsc_8961.jpg\"><img loading=\"lazy\" decoding=\"async\" class=\"size-full wp-image-199\" title=\"Jorge Llano\" src=\"http:\/\/cccolloto.com\/wp-content\/uploads\/2009\/11\/dsc_8961.jpg\" alt=\"Jorge Llano\" width=\"500\" height=\"332\" srcset=\"https:\/\/cccolloto.com\/wp-content\/uploads\/2009\/11\/dsc_8961.jpg 1024w, https:\/\/cccolloto.com\/wp-content\/uploads\/2009\/11\/dsc_8961-300x200.jpg 300w, https:\/\/cccolloto.com\/wp-content\/uploads\/2009\/11\/dsc_8961-768x511.jpg 768w\" sizes=\"auto, (max-width: 500px) 100vw, 500px\" \/><\/a><figcaption id=\"caption-attachment-199\" class=\"wp-caption-text\">Jorge Llano en la arena<\/figcaption><\/figure>\n<p>La carrera fue ganada, en un apretado sprint por Isaac Su\u00e1rez (Cantabria Infinita-BH-Nesta)<\/p>\n","protected":false},"excerpt":{"rendered":"<p>El pasado lunes 2 de Noviembre se disput\u00f3 la 3\u00aa prueba de ciclocross del calendario asturiano, con participaci\u00f3n de varios corredores del Club Ciclista Colloto. Despues de que Javi Gra\u00f1a (5\u00ba) y\u00a0 Marcos Fern\u00e1ndez (8\u00ba) fueran los primeros en pisar la hierba en la carrera de escuelas fue el turno para Ill\u00e1n que se estrenaba &hellip; <a href=\"https:\/\/cccolloto.com\/index.php\/2009\/11\/04\/ciclocross-en-piedras-blancas\/\" class=\"more-link\">Sigue leyendo <span class=\"screen-reader-text\">Ciclocross en Piedras Blancas<\/span><\/a><\/p>\n","protected":false},"author":1,"featured_media":0,"comment_status":"closed","ping_status":"open","sticky":false,"template":"","format":"standard","meta":{"footnotes":""},"categories":[2,5,6,8],"tags":[],"class_list":["post-195","post","type-post","status-publish","format-standard","hentry","category-elite-sub23","category-escuelas","category-juveniles","category-todas-las-noticias"],"_links":{"self":[{"href":"https:\/\/cccolloto.com\/index.php\/wp-json\/wp\/v2\/posts\/195","targetHints":{"allow":["GET"]}}],"collection":[{"href":"https:\/\/cccolloto.com\/index.php\/wp-json\/wp\/v2\/posts"}],"about":[{"href":"https:\/\/cccolloto.com\/index.php\/wp-json\/wp\/v2\/types\/post"}],"author":[{"embeddable":true,"href":"https:\/\/cccolloto.com\/index.php\/wp-json\/wp\/v2\/users\/1"}],"replies":[{"embeddable":true,"href":"https:\/\/cccolloto.com\/index.php\/wp-json\/wp\/v2\/comments?post=195"}],"version-history":[{"count":1,"href":"https:\/\/cccolloto.com\/index.php\/wp-json\/wp\/v2\/posts\/195\/revisions"}],"predecessor-version":[{"id":732,"href":"https:\/\/cccolloto.com\/index.php\/wp-json\/wp\/v2\/posts\/195\/revisions\/732"}],"wp:attachment":[{"href":"https:\/\/cccolloto.com\/index.php\/wp-json\/wp\/v2\/media?parent=195"}],"wp:term":[{"taxonomy":"category","embeddable":true,"href":"https:\/\/cccolloto.com\/index.php\/wp-json\/wp\/v2\/categories?post=195"},{"taxonomy":"post_tag","embeddable":true,"href":"https:\/\/cccolloto.com\/index.php\/wp-json\/wp\/v2\/tags?post=195"}],"curies":[{"name":"wp","href":"https:\/\/api.w.org\/{rel}","templated":true}]}}