{"id":204,"date":"2009-11-05T14:18:50","date_gmt":"2009-11-05T13:18:50","guid":{"rendered":"http:\/\/cccolloto.wordpress.com\/?p=204"},"modified":"2025-05-13T13:49:01","modified_gmt":"2025-05-13T11:49:01","slug":"nuevas-incorporaciones-en-elitesub-23","status":"publish","type":"post","link":"https:\/\/cccolloto.com\/index.php\/2009\/11\/05\/nuevas-incorporaciones-en-elitesub-23\/","title":{"rendered":"Nuevas incorporaciones en \u00c9lite\/Sub-23"},"content":{"rendered":"<p><img loading=\"lazy\" decoding=\"async\" class=\"alignnone size-full wp-image-217\" title=\"club ciclista colloto\" src=\"http:\/\/cccolloto.com\/wp-content\/uploads\/2009\/11\/elitesub23.jpg\" alt=\"club ciclista colloto\" width=\"500\" height=\"375\" srcset=\"https:\/\/cccolloto.com\/wp-content\/uploads\/2009\/11\/elitesub23.jpg 644w, https:\/\/cccolloto.com\/wp-content\/uploads\/2009\/11\/elitesub23-300x225.jpg 300w\" sizes=\"auto, (max-width: 500px) 100vw, 500px\" \/><\/p>\n<p>Siete son las nuevas incorporaciones para la temporada 2010 en la categor\u00eda \u00e9lite\/Sub-23.<\/p>\n<p>Desde Francia vienen <strong>Cyril Fern\u00e1ndez P\u00e9rez<\/strong>, ganador de etapa en el Tour des Pyr\u00e9n\u00e9es, y <strong>Maxime Mayen\u00e7on<\/strong> del equipo CR4C Roanne.<\/p>\n<p>El albacete\u00f1o <strong>Antonio Garc\u00eda<\/strong>, campe\u00f3n de Castilla-La Mancha sub23, se incorpora despu\u00e9s de haber disputado una magn\u00edfica Vuelta a Palencia 2009 cedido con nuestro equipo.<\/p>\n<p><strong>Josep Olives<\/strong> (Mallorca) se incorpora procedente del Camp de Tarragona para reforzar el equipo Sub-23, del que pasan a formar parte tras dejar atr\u00e1s la categor\u00eda juvenil <strong>\u00c1lvaro Mena<\/strong>, <strong>Aitor Gra\u00f1a<\/strong> y <strong>Diego \u00c1lvarez.<\/strong><\/p>\n<p><!--more--><\/p>\n<div id='gallery-1' class='gallery galleryid-204 gallery-columns-3 gallery-size-thumbnail'><figure class='gallery-item'>\n\t\t\t<div class='gallery-icon landscape'>\n\t\t\t\t<a href='https:\/\/cccolloto.com\/wp-content\/uploads\/2009\/11\/cyril.jpg'><img loading=\"lazy\" decoding=\"async\" width=\"150\" height=\"150\" src=\"https:\/\/cccolloto.com\/wp-content\/uploads\/2009\/11\/cyril-150x150.jpg\" class=\"attachment-thumbnail size-thumbnail\" alt=\"\" aria-describedby=\"gallery-1-205\" \/><\/a>\n\t\t\t<\/div>\n\t\t\t\t<figcaption class='wp-caption-text gallery-caption' id='gallery-1-205'>\n\t\t\t\tCyril Fern\u00e1ndez\n\t\t\t\t<\/figcaption><\/figure><figure class='gallery-item'>\n\t\t\t<div class='gallery-icon portrait'>\n\t\t\t\t<a href='https:\/\/cccolloto.com\/wp-content\/uploads\/2009\/11\/maxime.jpg'><img loading=\"lazy\" decoding=\"async\" width=\"150\" height=\"150\" src=\"https:\/\/cccolloto.com\/wp-content\/uploads\/2009\/11\/maxime-150x150.jpg\" class=\"attachment-thumbnail size-thumbnail\" alt=\"\" aria-describedby=\"gallery-1-206\" \/><\/a>\n\t\t\t<\/div>\n\t\t\t\t<figcaption class='wp-caption-text gallery-caption' id='gallery-1-206'>\n\t\t\t\tMaxime Mayen\u00e7on\n\t\t\t\t<\/figcaption><\/figure><figure class='gallery-item'>\n\t\t\t<div class='gallery-icon landscape'>\n\t\t\t\t<a href='https:\/\/cccolloto.com\/wp-content\/uploads\/2009\/11\/toni.jpg'><img loading=\"lazy\" decoding=\"async\" width=\"150\" height=\"150\" src=\"https:\/\/cccolloto.com\/wp-content\/uploads\/2009\/11\/toni-150x150.jpg\" class=\"attachment-thumbnail size-thumbnail\" alt=\"\" aria-describedby=\"gallery-1-207\" \/><\/a>\n\t\t\t<\/div>\n\t\t\t\t<figcaption class='wp-caption-text gallery-caption' id='gallery-1-207'>\n\t\t\t\tAntonio Garc\u00eda\n\t\t\t\t<\/figcaption><\/figure><figure class='gallery-item'>\n\t\t\t<div class='gallery-icon landscape'>\n\t\t\t\t<a href='https:\/\/cccolloto.com\/wp-content\/uploads\/2009\/11\/josep.jpg'><img loading=\"lazy\" decoding=\"async\" width=\"150\" height=\"150\" src=\"https:\/\/cccolloto.com\/wp-content\/uploads\/2009\/11\/josep-150x150.jpg\" class=\"attachment-thumbnail size-thumbnail\" alt=\"\" aria-describedby=\"gallery-1-208\" \/><\/a>\n\t\t\t<\/div>\n\t\t\t\t<figcaption class='wp-caption-text gallery-caption' id='gallery-1-208'>\n\t\t\t\tJosep Olives\n\t\t\t\t<\/figcaption><\/figure><figure class='gallery-item'>\n\t\t\t<div class='gallery-icon portrait'>\n\t\t\t\t<a href='https:\/\/cccolloto.com\/wp-content\/uploads\/2009\/11\/alvaro.jpg'><img loading=\"lazy\" decoding=\"async\" width=\"150\" height=\"150\" src=\"https:\/\/cccolloto.com\/wp-content\/uploads\/2009\/11\/alvaro-150x150.jpg\" class=\"attachment-thumbnail size-thumbnail\" alt=\"\" aria-describedby=\"gallery-1-209\" \/><\/a>\n\t\t\t<\/div>\n\t\t\t\t<figcaption class='wp-caption-text gallery-caption' id='gallery-1-209'>\n\t\t\t\t\u00c1lvaro Mena\n\t\t\t\t<\/figcaption><\/figure><figure class='gallery-item'>\n\t\t\t<div class='gallery-icon landscape'>\n\t\t\t\t<a href='https:\/\/cccolloto.com\/wp-content\/uploads\/2009\/11\/aitor2.jpg'><img loading=\"lazy\" decoding=\"async\" width=\"150\" height=\"150\" src=\"https:\/\/cccolloto.com\/wp-content\/uploads\/2009\/11\/aitor2-150x150.jpg\" class=\"attachment-thumbnail size-thumbnail\" alt=\"\" aria-describedby=\"gallery-1-210\" \/><\/a>\n\t\t\t<\/div>\n\t\t\t\t<figcaption class='wp-caption-text gallery-caption' id='gallery-1-210'>\n\t\t\t\tAitor Gra\u00f1a\n\t\t\t\t<\/figcaption><\/figure><figure class='gallery-item'>\n\t\t\t<div class='gallery-icon portrait'>\n\t\t\t\t<a href='https:\/\/cccolloto.com\/wp-content\/uploads\/2009\/11\/diego2.jpg'><img loading=\"lazy\" decoding=\"async\" width=\"150\" height=\"150\" src=\"https:\/\/cccolloto.com\/wp-content\/uploads\/2009\/11\/diego2-150x150.jpg\" class=\"attachment-thumbnail size-thumbnail\" alt=\"\" aria-describedby=\"gallery-1-211\" \/><\/a>\n\t\t\t<\/div>\n\t\t\t\t<figcaption class='wp-caption-text gallery-caption' id='gallery-1-211'>\n\t\t\t\tDiego \u00c1lvarez\n\t\t\t\t<\/figcaption><\/figure><figure class='gallery-item'>\n\t\t\t<div class='gallery-icon landscape'>\n\t\t\t\t<a href='https:\/\/cccolloto.com\/wp-content\/uploads\/2009\/11\/elitesub23.jpg'><img loading=\"lazy\" decoding=\"async\" width=\"150\" height=\"150\" src=\"https:\/\/cccolloto.com\/wp-content\/uploads\/2009\/11\/elitesub23-150x150.jpg\" class=\"attachment-thumbnail size-thumbnail\" alt=\"\" \/><\/a>\n\t\t\t<\/div><\/figure>\n\t\t<\/div>\n\n","protected":false},"excerpt":{"rendered":"<p>Siete son las nuevas incorporaciones para la temporada 2010 en la categor\u00eda \u00e9lite\/Sub-23. Desde Francia vienen Cyril Fern\u00e1ndez P\u00e9rez, ganador de etapa en el Tour des Pyr\u00e9n\u00e9es, y Maxime Mayen\u00e7on del equipo CR4C Roanne. El albacete\u00f1o Antonio Garc\u00eda, campe\u00f3n de Castilla-La Mancha sub23, se incorpora despu\u00e9s de haber disputado una magn\u00edfica Vuelta a Palencia 2009 &hellip; <a href=\"https:\/\/cccolloto.com\/index.php\/2009\/11\/05\/nuevas-incorporaciones-en-elitesub-23\/\" class=\"more-link\">Sigue leyendo <span class=\"screen-reader-text\">Nuevas incorporaciones en \u00c9lite\/Sub-23<\/span><\/a><\/p>\n","protected":false},"author":1,"featured_media":0,"comment_status":"closed","ping_status":"open","sticky":false,"template":"","format":"standard","meta":{"footnotes":""},"categories":[2,8],"tags":[],"class_list":["post-204","post","type-post","status-publish","format-standard","hentry","category-elite-sub23","category-todas-las-noticias"],"_links":{"self":[{"href":"https:\/\/cccolloto.com\/index.php\/wp-json\/wp\/v2\/posts\/204","targetHints":{"allow":["GET"]}}],"collection":[{"href":"https:\/\/cccolloto.com\/index.php\/wp-json\/wp\/v2\/posts"}],"about":[{"href":"https:\/\/cccolloto.com\/index.php\/wp-json\/wp\/v2\/types\/post"}],"author":[{"embeddable":true,"href":"https:\/\/cccolloto.com\/index.php\/wp-json\/wp\/v2\/users\/1"}],"replies":[{"embeddable":true,"href":"https:\/\/cccolloto.com\/index.php\/wp-json\/wp\/v2\/comments?post=204"}],"version-history":[{"count":1,"href":"https:\/\/cccolloto.com\/index.php\/wp-json\/wp\/v2\/posts\/204\/revisions"}],"predecessor-version":[{"id":733,"href":"https:\/\/cccolloto.com\/index.php\/wp-json\/wp\/v2\/posts\/204\/revisions\/733"}],"wp:attachment":[{"href":"https:\/\/cccolloto.com\/index.php\/wp-json\/wp\/v2\/media?parent=204"}],"wp:term":[{"taxonomy":"category","embeddable":true,"href":"https:\/\/cccolloto.com\/index.php\/wp-json\/wp\/v2\/categories?post=204"},{"taxonomy":"post_tag","embeddable":true,"href":"https:\/\/cccolloto.com\/index.php\/wp-json\/wp\/v2\/tags?post=204"}],"curies":[{"name":"wp","href":"https:\/\/api.w.org\/{rel}","templated":true}]}}