{"id":228,"date":"2009-11-09T15:40:02","date_gmt":"2009-11-09T14:40:02","guid":{"rendered":"http:\/\/cccolloto.wordpress.com\/?p=228"},"modified":"2025-04-29T12:13:05","modified_gmt":"2025-04-29T10:13:05","slug":"fin-de-semana-de-barro-y-agua","status":"publish","type":"post","link":"https:\/\/cccolloto.com\/index.php\/2009\/11\/09\/fin-de-semana-de-barro-y-agua\/","title":{"rendered":"Fin de semana de barro y agua"},"content":{"rendered":"<p>\u00c9ste fin de semana los practicantes de ciclocross se encontraron por primera vez en la temporada con el verdadero clima invernal: lluvia, viento, frio y mucho barro.<\/p>\n<figure id=\"attachment_229\" aria-describedby=\"caption-attachment-229\" style=\"width: 300px\" class=\"wp-caption alignleft\"><a href=\"http:\/\/cccolloto.com\/wp-content\/uploads\/2009\/11\/img_0196.jpg\"><img loading=\"lazy\" decoding=\"async\" class=\"size-full wp-image-229\" title=\"Dani Ania treto\" src=\"http:\/\/cccolloto.com\/wp-content\/uploads\/2009\/11\/img_0196.jpg\" alt=\"Dani Ania treto\" width=\"300\" height=\"400\" srcset=\"https:\/\/cccolloto.com\/wp-content\/uploads\/2009\/11\/img_0196.jpg 1200w, https:\/\/cccolloto.com\/wp-content\/uploads\/2009\/11\/img_0196-225x300.jpg 225w, https:\/\/cccolloto.com\/wp-content\/uploads\/2009\/11\/img_0196-768x1024.jpg 768w, https:\/\/cccolloto.com\/wp-content\/uploads\/2009\/11\/img_0196-1152x1536.jpg 1152w\" sizes=\"auto, (max-width: 300px) 100vw, 300px\" \/><\/a><figcaption id=\"caption-attachment-229\" class=\"wp-caption-text\">Dani Ania superando un obstaculo en Treto<\/figcaption><\/figure>\n<p>El s\u00e1bado se celebraba el GP de Treto (Cantabria), con la participaci\u00f3n de Gonzalo Rosal y Daniel Ania en la categor\u00eda \u00e9lite. Bajo la intensa lluvia ca\u00edda durante toda la ma\u00f1ana Gonzalo volvi\u00f3 a tomar contacto con la bici despues de su caida en Colindres.<\/p>\n<p>Por su parte, Dani Ania hizo una gran carrera, luchando durante mucho tiempo por un caj\u00f3n en el podium hasta que una inoportuna caida le hizo tener que conformarse con el cuarto puesto, al distanciarse los tres de cabeza. Tras su d\u00e9cimo puesto en Piedras Blancas, se parecia la notable mejor\u00eda del corredor de Hevia.<\/p>\n<p>El domingo, en la prueba puntuable para la Copa de Espa\u00f1a en Karrantza (Bizkaia) el tiempo era a\u00fan peor que en Treto, por lo que Gonzalo Rosal decidi\u00f3 no arriesgar a tener una caida que le retrasara la curaci\u00f3n de sus heridas. Pero Dani Ania no se qued\u00f3 s\u00f3lo en la parrila de salida, estando acompa\u00f1ado adem\u00e1s de por Jorge Llano y Roberto Lav\u00edn, por Javier Sard\u00e1, que debutaba este a\u00f1o en el barro.<\/p>\n<p>La dura climatolog\u00eda hizo que el circuito resultara muy poco ciclable, teniendo que hacerse largos tramos corriendo a pie con la bici al hombro. Javi Sard\u00e1 fue v\u00edctima de un problema mec\u00e1nico en la misma recta de salida, que lo oblig\u00f3 a abandonar dejando para el pr\u00f3ximo fin de semana su estreno de temporada.<\/p>\n<p>A pesar de ir rodando en puestos de cabeza, Dania Ania decidi\u00f3 abandonar la prueba tras ceder algunas posiciones en las zonas de pie, prefiriendo no arriesgarse a sufrir alguna lesi\u00f3n. De este modo tan s\u00f3lo consiguieron finalizar la prueba, con una vuelta perdida respecto al vencedor (Isaac Su\u00e1rez, Cantabria Infinita-Nesta) Jorge Llano y Roberto Lav\u00edn.<\/p>\n<p>La pr\u00f3xima semana en Proaza se prevee una alta participaci\u00f3n por parte del C.C.Colloto, sumandose a los nombrados el sub-23 Aitor Gra\u00f1a, Ill\u00e1n Su\u00e1rez en juvenil y Javi Gra\u00f1a y Marcos Fern\u00e1ndez en promesas.<\/p>\n","protected":false},"excerpt":{"rendered":"<p>\u00c9ste fin de semana los practicantes de ciclocross se encontraron por primera vez en la temporada con el verdadero clima invernal: lluvia, viento, frio y mucho barro. El s\u00e1bado se celebraba el GP de Treto (Cantabria), con la participaci\u00f3n de Gonzalo Rosal y Daniel Ania en la categor\u00eda \u00e9lite. Bajo la intensa lluvia ca\u00edda durante &hellip; <a href=\"https:\/\/cccolloto.com\/index.php\/2009\/11\/09\/fin-de-semana-de-barro-y-agua\/\" class=\"more-link\">Sigue leyendo <span class=\"screen-reader-text\">Fin de semana de barro y agua<\/span><\/a><\/p>\n","protected":false},"author":1,"featured_media":0,"comment_status":"closed","ping_status":"open","sticky":false,"template":"","format":"standard","meta":{"footnotes":""},"categories":[2,8],"tags":[],"class_list":["post-228","post","type-post","status-publish","format-standard","hentry","category-elite-sub23","category-todas-las-noticias"],"_links":{"self":[{"href":"https:\/\/cccolloto.com\/index.php\/wp-json\/wp\/v2\/posts\/228","targetHints":{"allow":["GET"]}}],"collection":[{"href":"https:\/\/cccolloto.com\/index.php\/wp-json\/wp\/v2\/posts"}],"about":[{"href":"https:\/\/cccolloto.com\/index.php\/wp-json\/wp\/v2\/types\/post"}],"author":[{"embeddable":true,"href":"https:\/\/cccolloto.com\/index.php\/wp-json\/wp\/v2\/users\/1"}],"replies":[{"embeddable":true,"href":"https:\/\/cccolloto.com\/index.php\/wp-json\/wp\/v2\/comments?post=228"}],"version-history":[{"count":1,"href":"https:\/\/cccolloto.com\/index.php\/wp-json\/wp\/v2\/posts\/228\/revisions"}],"predecessor-version":[{"id":731,"href":"https:\/\/cccolloto.com\/index.php\/wp-json\/wp\/v2\/posts\/228\/revisions\/731"}],"wp:attachment":[{"href":"https:\/\/cccolloto.com\/index.php\/wp-json\/wp\/v2\/media?parent=228"}],"wp:term":[{"taxonomy":"category","embeddable":true,"href":"https:\/\/cccolloto.com\/index.php\/wp-json\/wp\/v2\/categories?post=228"},{"taxonomy":"post_tag","embeddable":true,"href":"https:\/\/cccolloto.com\/index.php\/wp-json\/wp\/v2\/tags?post=228"}],"curies":[{"name":"wp","href":"https:\/\/api.w.org\/{rel}","templated":true}]}}