{"id":238,"date":"2009-11-17T15:22:42","date_gmt":"2009-11-17T14:22:42","guid":{"rendered":"http:\/\/cccolloto.wordpress.com\/2009\/11\/17\/aitor-grana-tercero-en-el-ciclocross-de-proaza\/"},"modified":"2025-04-29T12:12:58","modified_gmt":"2025-04-29T10:12:58","slug":"aitor-grana-tercero-en-el-ciclocross-de-proaza","status":"publish","type":"post","link":"https:\/\/cccolloto.com\/index.php\/2009\/11\/17\/aitor-grana-tercero-en-el-ciclocross-de-proaza\/","title":{"rendered":"Aitor Gra\u00f1a tercero en el ciclocross de Proaza"},"content":{"rendered":"<p>El pasado S\u00e1bado, bajo un cielo completamente despejado, se disput\u00f3 el Ciclocross de Proaza, valedero para la Challenge Asturiana de Ciclocross.<\/p>\n<p>En un circuito que combinaba complicadas zonas t\u00e9cnicas con varios tramos de camino y asfalto el sub-23 de primer a\u00f1o Aitor Gra\u00f1a consigui\u00f3 ser tercero en la categor\u00eda sub-23, luchando hasta la \u00faltima vuelta por estar entre los 10 primeros elite\/sub-23.<\/p>\n<figure id=\"attachment_241\" aria-describedby=\"caption-attachment-241\" style=\"width: 500px\" class=\"wp-caption aligncenter\"><a href=\"http:\/\/cccolloto.com\/wp-content\/uploads\/2009\/11\/aitor24.jpg\"><img loading=\"lazy\" decoding=\"async\" class=\"size-full wp-image-241\" title=\"Aitor Gra\u00f1a Proaza\" src=\"http:\/\/cccolloto.com\/wp-content\/uploads\/2009\/11\/aitor24.jpg\" alt=\"\" width=\"500\" height=\"332\" srcset=\"https:\/\/cccolloto.com\/wp-content\/uploads\/2009\/11\/aitor24.jpg 800w, https:\/\/cccolloto.com\/wp-content\/uploads\/2009\/11\/aitor24-300x200.jpg 300w, https:\/\/cccolloto.com\/wp-content\/uploads\/2009\/11\/aitor24-768x511.jpg 768w\" sizes=\"auto, (max-width: 500px) 100vw, 500px\" \/><\/a><figcaption id=\"caption-attachment-241\" class=\"wp-caption-text\">Aitor Gra\u00f1a<\/figcaption><\/figure>\n<p>No corrieron tanta suerte los \u00e9lites Daniel Ania y Gonzalo Rosal, que tuvieron que abandonar entre pinchazos y caidas. Por su parte Jorge Llano y los sub-23 Javier Sard\u00e1 y Roberto Lav\u00edn lograron terminar la prueba con una vuelta perdida sobre los 5 primeros.<\/p>\n<p><!--more--><\/p>\n<figure id=\"attachment_237\" aria-describedby=\"caption-attachment-237\" style=\"width: 500px\" class=\"wp-caption aligncenter\"><a href=\"http:\/\/cccolloto.com\/wp-content\/uploads\/2009\/11\/lavin.jpg\"><img loading=\"lazy\" decoding=\"async\" class=\"size-full wp-image-237\" title=\"Roberto Lav\u00edn y Javier Sard\u00e1 al fondo\" src=\"http:\/\/cccolloto.com\/wp-content\/uploads\/2009\/11\/lavin.jpg\" alt=\"\" width=\"500\" height=\"332\" srcset=\"https:\/\/cccolloto.com\/wp-content\/uploads\/2009\/11\/lavin.jpg 800w, https:\/\/cccolloto.com\/wp-content\/uploads\/2009\/11\/lavin-300x200.jpg 300w, https:\/\/cccolloto.com\/wp-content\/uploads\/2009\/11\/lavin-768x511.jpg 768w\" sizes=\"auto, (max-width: 500px) 100vw, 500px\" \/><\/a><figcaption id=\"caption-attachment-237\" class=\"wp-caption-text\">Roberto Lav\u00edn y Javier Sard\u00e1 al fondo<\/figcaption><\/figure>\n<p>Este pr\u00f3ximo fin de semana estaremos en la Copa de Espa\u00f1a en Culleredo (A Coru\u00f1a) y el domingo en Navia, d\u00f3nde esperamos una amplia representaci\u00f3n por parte del club.<\/p>\n","protected":false},"excerpt":{"rendered":"<p>El pasado S\u00e1bado, bajo un cielo completamente despejado, se disput\u00f3 el Ciclocross de Proaza, valedero para la Challenge Asturiana de Ciclocross. En un circuito que combinaba complicadas zonas t\u00e9cnicas con varios tramos de camino y asfalto el sub-23 de primer a\u00f1o Aitor Gra\u00f1a consigui\u00f3 ser tercero en la categor\u00eda sub-23, luchando hasta la \u00faltima vuelta &hellip; <a href=\"https:\/\/cccolloto.com\/index.php\/2009\/11\/17\/aitor-grana-tercero-en-el-ciclocross-de-proaza\/\" class=\"more-link\">Sigue leyendo <span class=\"screen-reader-text\">Aitor Gra\u00f1a tercero en el ciclocross de Proaza<\/span><\/a><\/p>\n","protected":false},"author":1,"featured_media":0,"comment_status":"closed","ping_status":"open","sticky":false,"template":"","format":"standard","meta":{"footnotes":""},"categories":[2],"tags":[],"class_list":["post-238","post","type-post","status-publish","format-standard","hentry","category-elite-sub23"],"_links":{"self":[{"href":"https:\/\/cccolloto.com\/index.php\/wp-json\/wp\/v2\/posts\/238","targetHints":{"allow":["GET"]}}],"collection":[{"href":"https:\/\/cccolloto.com\/index.php\/wp-json\/wp\/v2\/posts"}],"about":[{"href":"https:\/\/cccolloto.com\/index.php\/wp-json\/wp\/v2\/types\/post"}],"author":[{"embeddable":true,"href":"https:\/\/cccolloto.com\/index.php\/wp-json\/wp\/v2\/users\/1"}],"replies":[{"embeddable":true,"href":"https:\/\/cccolloto.com\/index.php\/wp-json\/wp\/v2\/comments?post=238"}],"version-history":[{"count":1,"href":"https:\/\/cccolloto.com\/index.php\/wp-json\/wp\/v2\/posts\/238\/revisions"}],"predecessor-version":[{"id":730,"href":"https:\/\/cccolloto.com\/index.php\/wp-json\/wp\/v2\/posts\/238\/revisions\/730"}],"wp:attachment":[{"href":"https:\/\/cccolloto.com\/index.php\/wp-json\/wp\/v2\/media?parent=238"}],"wp:term":[{"taxonomy":"category","embeddable":true,"href":"https:\/\/cccolloto.com\/index.php\/wp-json\/wp\/v2\/categories?post=238"},{"taxonomy":"post_tag","embeddable":true,"href":"https:\/\/cccolloto.com\/index.php\/wp-json\/wp\/v2\/tags?post=238"}],"curies":[{"name":"wp","href":"https:\/\/api.w.org\/{rel}","templated":true}]}}